{"id":1628,"date":"2025-01-19T23:16:30","date_gmt":"2025-01-19T21:16:30","guid":{"rendered":"https:\/\/bureaudesoutien.org\/?p=1628"},"modified":"2025-01-19T23:16:30","modified_gmt":"2025-01-19T21:16:30","slug":"alerte-territoire-de-masisi-tension-entre-eleveurs-et-cultivateurs","status":"publish","type":"post","link":"https:\/\/bureaudesoutien.org\/fr\/alerte-territoire-de-masisi-tension-entre-eleveurs-et-cultivateurs\/","title":{"rendered":"Alerte, Territoire De Masisi, Tension Entre \u00c9leveurs Et Cultivateurs."},"content":{"rendered":"<h3>R\u00e9sum\u00e9<\/h3>\n<p>Les tensions entre \u00e9leveurs et agriculteurs dans le territoire de Masisi ont atteint un point critique, exacerb\u00e9es par des conflits fonciers, des rivalit\u00e9s\u00a0 thniques et des dynamiques de violence.<\/p>\n<p>Les diff\u00e9rends li\u00e9s \u00e0 l&#8217;acc\u00e8s \u00e0 la terre et aux ressources agricoles et pastorales ont engendr\u00e9 des affrontements violents, des d\u00e9placements de population et des violences inter-ethniques.<\/p>\n<p>Il est imp\u00e9ratif de restaurer la collaboration entre les deux groupes pour garantir la paix, la s\u00e9curit\u00e9 et le d\u00e9veloppement durable dans la r\u00e9gion.<\/p>\n<h3>Recommandations<\/h3>\n<ul>\n<li>Renforcer les m\u00e9canismes de m\u00e9diation et de dialogue inclusifs entre les \u00e9leveurs et les agriculteurs pour r\u00e9soudre pacifiquement les conflits fonciers et favoriser la coop\u00e9ration.<\/li>\n<\/ul>\n<ul>\n<li>Renforcer l&#8217;application des lois fonci\u00e8res et coutumi\u00e8res pour clarifier les proc\u00e9dures d&#8217;acc\u00e8s \u00e0 la terre et pr\u00e9venir les litiges.<\/li>\n<li>Sensibiliser les communaut\u00e9s locales sur l\u2019importance de la coexistence pacifique, du respect mutuel et de la collaboration pour favoriser le d\u00e9veloppement harmonieux de la r\u00e9gion.<\/li>\n<\/ul>\n<ul>\n<li>Impliquer les autorit\u00e9s locales, les leaders communautaires et les organisations de la soci\u00e9t\u00e9 civile dans la promotion de la paix, de la s\u00e9curit\u00e9 et de la r\u00e9conciliation entre les groupes en conflit.<\/li>\n<\/ul>\n<ul>\n<li>Appuyer des initiatives de d\u00e9veloppement \u00e9conomique et social qui b\u00e9n\u00e9ficient \u00e0 la fois aux \u00e9leveurs et aux agriculteurs, favorisant ainsi une collaboration durable et b\u00e9n\u00e9fique pour tous.<\/li>\n<\/ul>\n<h3>Analyse de contexte<\/h3>\n<p>Dans <a href=\"https:\/\/www.unocha.org\/publications\/map\/democratic-republic-congo\/rd-congo-nord-kivu-territoire-de-masisi-carte-administrative-26-mai-2017\">le territoire de Masisi,<\/a> les tensions entre \u00e9leveurs et agriculteurs ont atteint un niveau critique, alimentant des conflits violents et des dynamiques interethniques pr\u00e9occupantes.<\/p>\n<p>La question fonci\u00e8re, notamment les cessions coutumi\u00e8res de terres et les conflits li\u00e9s \u00e0 leur acc\u00e8s, constitue une source majeure de conflit.<\/p>\n<p>Les diff\u00e9rends fonciers sont exacerb\u00e9s par l&#8217;incompatibilit\u00e9 entre les lois coutumi\u00e8res et l\u00e9gales, cr\u00e9ant des confusions et des litiges persistants.<\/p>\n<p><img fetchpriority=\"high\" decoding=\"async\" class=\"wp-image-1630 alignleft\" src=\"http:\/\/bureaudesoutien.org\/wp-content\/uploads\/2025\/01\/WhatsApp-Image-2024-04-04-at-4.45.40-PM-1-300x225.jpeg\" alt=\"\" width=\"327\" height=\"245\" srcset=\"https:\/\/bureaudesoutien.org\/wp-content\/uploads\/2025\/01\/WhatsApp-Image-2024-04-04-at-4.45.40-PM-1-300x225.jpeg 300w, https:\/\/bureaudesoutien.org\/wp-content\/uploads\/2025\/01\/WhatsApp-Image-2024-04-04-at-4.45.40-PM-1-1024x768.jpeg 1024w, https:\/\/bureaudesoutien.org\/wp-content\/uploads\/2025\/01\/WhatsApp-Image-2024-04-04-at-4.45.40-PM-1-768x576.jpeg 768w, https:\/\/bureaudesoutien.org\/wp-content\/uploads\/2025\/01\/WhatsApp-Image-2024-04-04-at-4.45.40-PM-1-16x12.jpeg 16w, https:\/\/bureaudesoutien.org\/wp-content\/uploads\/2025\/01\/WhatsApp-Image-2024-04-04-at-4.45.40-PM-1-600x450.jpeg 600w, https:\/\/bureaudesoutien.org\/wp-content\/uploads\/2025\/01\/WhatsApp-Image-2024-04-04-at-4.45.40-PM-1.jpeg 1080w\" sizes=\"(max-width: 327px) 100vw, 327px\" \/><\/p>\n<p>Les activit\u00e9s agricoles et d&#8217;\u00e9levage, essentielles pour la survie de la population locale, sont \u00e0 la source des tensions entre les deux groupes, souvent exacerb\u00e9es par des rivalit\u00e9s ethniques pr\u00e9existantes.<\/p>\n<p>Ces tensions ont d\u00e9g\u00e9n\u00e9r\u00e9 en violences, incendies de villages, d\u00e9placements de population, \u00e9mergence de milices ethniques et violences sexuelles.<\/p>\n<p>La situation actuelle dans le territoire de Masisi est caract\u00e9ris\u00e9e par un climat de m\u00e9fiance, de division et d&#8217;ins\u00e9curit\u00e9, mettant en p\u00e9ril la coexistence pacifique entre les \u00e9leveurs et les agriculteurs, ainsi que la stabilit\u00e9 de la r\u00e9gion.<\/p>\n<p>Les conflits fonciers et les rivalit\u00e9s ethniques exacerbent les tensions et alimentent un <a href=\"https:\/\/bureaudesoutien.org\/fr\/alerte-sud-kivu-la-protection-des-civiles-en-danger-suite-au-desengagement-de-monusco\/\">cycle de violence<\/a> et de haine, compromettant la s\u00e9curit\u00e9 et le bien-\u00eatre des communaut\u00e9s locales.<\/p>\n<p>&nbsp;<\/p>\n<p>&nbsp;<\/p>","protected":false},"excerpt":{"rendered":"<p>R\u00e9sum\u00e9 Les tensions entre \u00e9leveurs et agriculteurs dans le territoire de Masisi ont atteint un point critique, exacerb\u00e9es par des conflits fonciers, des rivalit\u00e9s\u00a0 thniques et des dynamiques de violence. Les diff\u00e9rends li\u00e9s \u00e0 l&#8217;acc\u00e8s \u00e0 la terre et aux ressources agricoles et pastorales ont engendr\u00e9 des affrontements violents, des d\u00e9placements de population et des violences inter-ethniques. Il est imp\u00e9ratif de restaurer la collaboration entre les deux groupes pour garantir la paix, la s\u00e9curit\u00e9 et le d\u00e9veloppement durable dans la r\u00e9gion. Recommandations Renforcer les m\u00e9canismes de m\u00e9diation et de dialogue inclusifs entre les \u00e9leveurs et les agriculteurs pour r\u00e9soudre pacifiquement les conflits fonciers et favoriser la coop\u00e9ration. Renforcer l&#8217;application des lois fonci\u00e8res et coutumi\u00e8res pour clarifier les proc\u00e9dures d&#8217;acc\u00e8s \u00e0 la terre et pr\u00e9venir les litiges. Sensibiliser les communaut\u00e9s locales sur l\u2019importance de la coexistence pacifique, du respect mutuel et de la collaboration pour favoriser le d\u00e9veloppement harmonieux de la r\u00e9gion. Impliquer les autorit\u00e9s locales, les leaders communautaires et les organisations de la soci\u00e9t\u00e9 civile dans la promotion de la paix, de la s\u00e9curit\u00e9 et de la r\u00e9conciliation entre les groupes en conflit. Appuyer des initiatives de d\u00e9veloppement \u00e9conomique et social qui b\u00e9n\u00e9ficient \u00e0 la fois aux \u00e9leveurs et aux agriculteurs, favorisant ainsi une collaboration durable et b\u00e9n\u00e9fique pour tous. Analyse de contexte Dans le territoire de Masisi, les tensions entre \u00e9leveurs et agriculteurs ont atteint un niveau critique, alimentant des conflits violents et des dynamiques interethniques pr\u00e9occupantes. La question fonci\u00e8re, notamment les cessions coutumi\u00e8res de terres et les conflits li\u00e9s \u00e0 leur acc\u00e8s, constitue une source majeure de conflit. Les diff\u00e9rends fonciers sont exacerb\u00e9s par l&#8217;incompatibilit\u00e9 entre les lois coutumi\u00e8res et l\u00e9gales, cr\u00e9ant des confusions et des litiges persistants. Les activit\u00e9s agricoles et d&#8217;\u00e9levage, essentielles pour la survie de la population locale, sont \u00e0 la source des tensions entre les deux groupes, souvent exacerb\u00e9es par des rivalit\u00e9s ethniques pr\u00e9existantes. Ces tensions ont d\u00e9g\u00e9n\u00e9r\u00e9 en violences, incendies de villages, d\u00e9placements de population, \u00e9mergence de milices ethniques et violences sexuelles. La situation actuelle dans le territoire de Masisi est caract\u00e9ris\u00e9e par un climat de m\u00e9fiance, de division et d&#8217;ins\u00e9curit\u00e9, mettant en p\u00e9ril la coexistence pacifique entre les \u00e9leveurs et les agriculteurs, ainsi que la stabilit\u00e9 de la r\u00e9gion. Les conflits fonciers et les rivalit\u00e9s ethniques exacerbent les tensions et alimentent un cycle de violence et de haine, compromettant la s\u00e9curit\u00e9 et le bien-\u00eatre des communaut\u00e9s locales. &nbsp; &nbsp;<\/p>","protected":false},"author":1,"featured_media":1632,"comment_status":"open","ping_status":"open","sticky":false,"template":"","format":"standard","meta":{"give_campaign_id":0,"om_disable_all_campaigns":false,"_monsterinsights_skip_tracking":false,"_monsterinsights_sitenote_active":false,"_monsterinsights_sitenote_note":"","_monsterinsights_sitenote_category":0,"site-sidebar-layout":"default","site-content-layout":"","ast-site-content-layout":"default","site-content-style":"default","site-sidebar-style":"default","ast-global-header-display":"","ast-banner-title-visibility":"","ast-main-header-display":"","ast-hfb-above-header-display":"","ast-hfb-below-header-display":"","ast-hfb-mobile-header-display":"","site-post-title":"","ast-breadcrumbs-content":"","ast-featured-img":"","footer-sml-layout":"","ast-disable-related-posts":"","theme-transparent-header-meta":"default","adv-header-id-meta":"","stick-header-meta":"","header-above-stick-meta":"","header-main-stick-meta":"","header-below-stick-meta":"","astra-migrate-meta-layouts":"set","ast-page-background-enabled":"default","ast-page-background-meta":{"desktop":{"background-color":"","background-image":"","background-repeat":"repeat","background-position":"center center","background-size":"auto","background-attachment":"scroll","background-type":"","background-media":"","overlay-type":"","overlay-color":"","overlay-opacity":"","overlay-gradient":""},"tablet":{"background-color":"","background-image":"","background-repeat":"repeat","background-position":"center center","background-size":"auto","background-attachment":"scroll","background-type":"","background-media":"","overlay-type":"","overlay-color":"","overlay-opacity":"","overlay-gradient":""},"mobile":{"background-color":"","background-image":"","background-repeat":"repeat","background-position":"center center","background-size":"auto","background-attachment":"scroll","background-type":"","background-media":"","overlay-type":"","overlay-color":"","overlay-opacity":"","overlay-gradient":""}},"ast-content-background-meta":{"desktop":{"background-color":"var(--ast-global-color-5)","background-image":"","background-repeat":"repeat","background-position":"center center","background-size":"auto","background-attachment":"scroll","background-type":"","background-media":"","overlay-type":"","overlay-color":"","overlay-opacity":"","overlay-gradient":""},"tablet":{"background-color":"var(--ast-global-color-5)","background-image":"","background-repeat":"repeat","background-position":"center center","background-size":"auto","background-attachment":"scroll","background-type":"","background-media":"","overlay-type":"","overlay-color":"","overlay-opacity":"","overlay-gradient":""},"mobile":{"background-color":"var(--ast-global-color-5)","background-image":"","background-repeat":"repeat","background-position":"center center","background-size":"auto","background-attachment":"scroll","background-type":"","background-media":"","overlay-type":"","overlay-color":"","overlay-opacity":"","overlay-gradient":""}},"_jetpack_memberships_contains_paid_content":false,"footnotes":"","jetpack_publicize_message":"","jetpack_publicize_feature_enabled":true,"jetpack_social_post_already_shared":true,"jetpack_social_options":{"image_generator_settings":{"template":"highway","default_image_id":0,"font":"","enabled":false},"version":2}},"categories":[1],"tags":[],"class_list":["post-1628","post","type-post","status-publish","format-standard","has-post-thumbnail","hentry","category-blog"],"aioseo_notices":[],"jetpack_publicize_connections":[],"jetpack_featured_media_url":"https:\/\/bureaudesoutien.org\/wp-content\/uploads\/2025\/01\/Masisi.png","jetpack-related-posts":[],"jetpack_sharing_enabled":true,"rttpg_featured_image_url":{"full":["https:\/\/bureaudesoutien.org\/wp-content\/uploads\/2025\/01\/Masisi.png",1920,1080,false],"landscape":["https:\/\/bureaudesoutien.org\/wp-content\/uploads\/2025\/01\/Masisi.png",1920,1080,false],"portraits":["https:\/\/bureaudesoutien.org\/wp-content\/uploads\/2025\/01\/Masisi.png",1920,1080,false],"thumbnail":["https:\/\/bureaudesoutien.org\/wp-content\/uploads\/2025\/01\/Masisi-150x150.png",150,150,true],"medium":["https:\/\/bureaudesoutien.org\/wp-content\/uploads\/2025\/01\/Masisi-300x169.png",300,169,true],"large":["https:\/\/bureaudesoutien.org\/wp-content\/uploads\/2025\/01\/Masisi-1024x576.png",1024,576,true],"1536x1536":["https:\/\/bureaudesoutien.org\/wp-content\/uploads\/2025\/01\/Masisi-1536x864.png",1536,864,true],"2048x2048":["https:\/\/bureaudesoutien.org\/wp-content\/uploads\/2025\/01\/Masisi.png",1920,1080,false],"trp-custom-language-flag":["https:\/\/bureaudesoutien.org\/wp-content\/uploads\/2025\/01\/Masisi-18x10.png",18,10,true],"woocommerce_thumbnail":["https:\/\/bureaudesoutien.org\/wp-content\/uploads\/2025\/01\/Masisi-300x457.png",300,457,true],"woocommerce_single":["https:\/\/bureaudesoutien.org\/wp-content\/uploads\/2025\/01\/Masisi-600x338.png",600,338,true],"woocommerce_gallery_thumbnail":["https:\/\/bureaudesoutien.org\/wp-content\/uploads\/2025\/01\/Masisi-100x100.png",100,100,true]},"rttpg_author":{"display_name":"bureaudesoutien.org","author_link":"https:\/\/bureaudesoutien.org\/fr\/author\/bureaudesoutien-org\/"},"rttpg_comment":6,"rttpg_category":"<a href=\"https:\/\/bureaudesoutien.org\/fr\/category\/blog\/\" rel=\"category tag\">Blog<\/a>","rttpg_excerpt":"R\u00e9sum\u00e9 Les tensions entre \u00e9leveurs et agriculteurs dans le territoire de Masisi ont atteint un point critique, exacerb\u00e9es par des conflits fonciers, des rivalit\u00e9s\u00a0 thniques et des dynamiques de violence. Les diff\u00e9rends li\u00e9s \u00e0 l&#8217;acc\u00e8s \u00e0 la terre et aux ressources agricoles et pastorales ont engendr\u00e9 des affrontements violents, des d\u00e9placements de population et des\u2026","_links":{"self":[{"href":"https:\/\/bureaudesoutien.org\/fr\/wp-json\/wp\/v2\/posts\/1628","targetHints":{"allow":["GET"]}}],"collection":[{"href":"https:\/\/bureaudesoutien.org\/fr\/wp-json\/wp\/v2\/posts"}],"about":[{"href":"https:\/\/bureaudesoutien.org\/fr\/wp-json\/wp\/v2\/types\/post"}],"author":[{"embeddable":true,"href":"https:\/\/bureaudesoutien.org\/fr\/wp-json\/wp\/v2\/users\/1"}],"replies":[{"embeddable":true,"href":"https:\/\/bureaudesoutien.org\/fr\/wp-json\/wp\/v2\/comments?post=1628"}],"version-history":[{"count":1,"href":"https:\/\/bureaudesoutien.org\/fr\/wp-json\/wp\/v2\/posts\/1628\/revisions"}],"predecessor-version":[{"id":1631,"href":"https:\/\/bureaudesoutien.org\/fr\/wp-json\/wp\/v2\/posts\/1628\/revisions\/1631"}],"wp:featuredmedia":[{"embeddable":true,"href":"https:\/\/bureaudesoutien.org\/fr\/wp-json\/wp\/v2\/media\/1632"}],"wp:attachment":[{"href":"https:\/\/bureaudesoutien.org\/fr\/wp-json\/wp\/v2\/media?parent=1628"}],"wp:term":[{"taxonomy":"category","embeddable":true,"href":"https:\/\/bureaudesoutien.org\/fr\/wp-json\/wp\/v2\/categories?post=1628"},{"taxonomy":"post_tag","embeddable":true,"href":"https:\/\/bureaudesoutien.org\/fr\/wp-json\/wp\/v2\/tags?post=1628"}],"curies":[{"name":"wp","href":"https:\/\/api.w.org\/{rel}","templated":true}]}}